{"id":5220,"date":"2026-04-20T14:05:21","date_gmt":"2026-04-20T12:05:21","guid":{"rendered":"https:\/\/www.viajesdegruposescolares.com\/noticias\/?p=5220"},"modified":"2026-04-20T14:50:26","modified_gmt":"2026-04-20T12:50:26","slug":"viajes-fin-de-curso-europa-2027","status":"publish","type":"post","link":"https:\/\/www.viajesdegruposescolares.com\/noticias\/viajes-fin-de-curso-europa-2027\/","title":{"rendered":"Mejores destinos para viajes de fin de curso en Europa 2027"},"content":{"rendered":"<p>Organizar un viaje de fin de curso por Europa en 2027 es una de las opciones m\u00e1s atractivas para muchos centros educativos.<\/p>\n<p>Este tipo de viajes permite a los estudiantes vivir una experiencia internacional, descubrir nuevas culturas y compartir momentos \u00fanicos con sus compa\u00f1eros.<\/p>\n<p>En este art\u00edculo te mostramos los mejores destinos para viajes de fin de curso en Europa, junto con consejos clave para elegir la mejor opci\u00f3n seg\u00fan el tipo de grupo.<\/p>\n<p>&#x1f449; Si est\u00e1s planificando el viaje, tambi\u00e9n puedes consultar nuestra gu\u00eda completa sobre <a href=\"https:\/\/www.viajesdegruposescolares.com\/noticias\/viajes-fin-de-curso-2027\/\">viajes de fin de curso 2027<\/a> para ver precios, opciones y c\u00f3mo organizarlo paso a paso.<\/p>\n<p>Trabajamos cada a\u00f1o con grupos escolares organizando <a href=\"https:\/\/www.viajesdegruposescolares.com\/viajes-europa\">viajes de fin de curso por Europa<\/a> adaptados a cada centro.<\/p>\n<div id=\"attachment_5221\" style=\"width: 693px\" class=\"wp-caption aligncenter\"><a href=\"https:\/\/www.viajesdegruposescolares.com\/viaje-personalizado\"><img fetchpriority=\"high\" decoding=\"async\" aria-describedby=\"caption-attachment-5221\" data-attachment-id=\"5221\" data-permalink=\"\" data-orig-file=\"https:\/\/www.viajesdegruposescolares.com\/noticias\/wp-content\/uploads\/2026\/04\/viajes-fin-de-curso-europa-2027-estudiantes-paris.webp.webp\" data-orig-size=\"1024,1536\" data-comments-opened=\"1\" data-image-meta=\"{&quot;aperture&quot;:&quot;0&quot;,&quot;credit&quot;:&quot;&quot;,&quot;camera&quot;:&quot;&quot;,&quot;caption&quot;:&quot;&quot;,&quot;created_timestamp&quot;:&quot;0&quot;,&quot;copyright&quot;:&quot;&quot;,&quot;focal_length&quot;:&quot;0&quot;,&quot;iso&quot;:&quot;0&quot;,&quot;shutter_speed&quot;:&quot;0&quot;,&quot;title&quot;:&quot;&quot;,&quot;orientation&quot;:&quot;0&quot;}\" data-image-title=\"viajes fin de curso europa 2027 estudiantes en paris\" data-image-description=\"&lt;p&gt;grupo de estudiantes disfrutando de un viaje de fin de curso por europa en 2027 visitando paris y la torre eiffel&lt;\/p&gt;\n\" data-image-caption=\"&lt;p&gt;Viajar por Europa en un viaje de fin de curso 2027 permite vivir experiencias internacionales \u00fanicas como Par\u00eds.&lt;\/p&gt;\n\" data-large-file=\"https:\/\/www.viajesdegruposescolares.com\/noticias\/wp-content\/uploads\/2026\/04\/viajes-fin-de-curso-europa-2027-estudiantes-paris.webp-683x1024.webp\" class=\"size-large wp-image-5221\" src=\"https:\/\/www.viajesdegruposescolares.com\/noticias\/wp-content\/uploads\/2026\/04\/viajes-fin-de-curso-europa-2027-estudiantes-paris.webp-683x1024.webp\" alt=\"estudiantes de viaje de fin de curso en europa 2027 en paris frente a la torre eiffel\" width=\"683\" height=\"1024\" srcset=\"https:\/\/www.viajesdegruposescolares.com\/noticias\/wp-content\/uploads\/2026\/04\/viajes-fin-de-curso-europa-2027-estudiantes-paris.webp-683x1024.webp 683w, https:\/\/www.viajesdegruposescolares.com\/noticias\/wp-content\/uploads\/2026\/04\/viajes-fin-de-curso-europa-2027-estudiantes-paris.webp-200x300.webp 200w, https:\/\/www.viajesdegruposescolares.com\/noticias\/wp-content\/uploads\/2026\/04\/viajes-fin-de-curso-europa-2027-estudiantes-paris.webp-768x1152.webp 768w, https:\/\/www.viajesdegruposescolares.com\/noticias\/wp-content\/uploads\/2026\/04\/viajes-fin-de-curso-europa-2027-estudiantes-paris.webp-100x150.webp 100w, https:\/\/www.viajesdegruposescolares.com\/noticias\/wp-content\/uploads\/2026\/04\/viajes-fin-de-curso-europa-2027-estudiantes-paris.webp.webp 1024w\" sizes=\"(max-width: 683px) 100vw, 683px\" \/><\/a><p id=\"caption-attachment-5221\" class=\"wp-caption-text\">Viajar por Europa en un viaje de fin de curso 2027 permite vivir experiencias internacionales \u00fanicas como Par\u00eds.<\/p><\/div>\n<p>Los viajes de fin de curso por Europa permiten a los estudiantes descubrir nuevas culturas y vivir experiencias inolvidables.<\/p>\n<h2>\u00bfPor qu\u00e9 elegir Europa para un viaje de fin de curso?<\/h2>\n<p>Los viajes de fin de curso por Europa ofrecen una experiencia m\u00e1s completa a nivel cultural y personal.<\/p>\n<p>&#x2714; Primer viaje internacional para muchos alumnos<br \/>\n&#x2714; Contacto con nuevas culturas y entornos<br \/>\n&#x2714; Gran variedad de destinos y actividades<br \/>\n&#x2714; Experiencia m\u00e1s enriquecedora<\/p>\n<p>&#x1f449; Son especialmente recomendables para alumnos de ESO y Bachiller.<\/p>\n<h2>\u00bfCu\u00e1nto cuesta un viaje de fin de curso por Europa?<\/h2>\n<p>El precio de un viaje de fin de curso por Europa puede variar seg\u00fan el destino, duraci\u00f3n y tipo de actividades.<\/p>\n<p>&#x2714; Destinos cercanos (Francia, Portugal): 350\u20ac \u2013 550\u20ac<br \/>\n&#x2714; Destinos m\u00e1s completos (Italia, Pa\u00edses Bajos): 500\u20ac \u2013 750\u20ac<\/p>\n<p>&#x1f449; Planificar con antelaci\u00f3n permite acceder a mejores precios y opciones.<\/p>\n<p>Si quieres ver un desglose completo, puedes consultar esta gu\u00eda sobre cu\u00e1nto cuesta un viaje de fin de curso.<\/p>\n<h2>Mejores destinos en Europa para viajes de fin de curso 2027<\/h2>\n<p>Elegir el destino adecuado es una de las decisiones m\u00e1s importantes al organizar el viaje.<\/p>\n<p>Muchos de estos destinos forman parte de los viajes de fin de curso 2027 m\u00e1s demandados por su equilibrio entre cultura, ocio y experiencia internacional.<\/p>\n<div id=\"attachment_5222\" style=\"width: 693px\" class=\"wp-caption aligncenter\"><a href=\"https:\/\/www.viajesdegruposescolares.com\/viaje-personalizado\"><img decoding=\"async\" aria-describedby=\"caption-attachment-5222\" data-attachment-id=\"5222\" data-permalink=\"\" data-orig-file=\"https:\/\/www.viajesdegruposescolares.com\/noticias\/wp-content\/uploads\/2026\/04\/organizar-viaje-fin-de-curso-europa-2027-estudiantes-profesor.webp.webp\" data-orig-size=\"1024,1536\" data-comments-opened=\"1\" data-image-meta=\"{&quot;aperture&quot;:&quot;0&quot;,&quot;credit&quot;:&quot;&quot;,&quot;camera&quot;:&quot;&quot;,&quot;caption&quot;:&quot;&quot;,&quot;created_timestamp&quot;:&quot;0&quot;,&quot;copyright&quot;:&quot;&quot;,&quot;focal_length&quot;:&quot;0&quot;,&quot;iso&quot;:&quot;0&quot;,&quot;shutter_speed&quot;:&quot;0&quot;,&quot;title&quot;:&quot;&quot;,&quot;orientation&quot;:&quot;0&quot;}\" data-image-title=\"organizar viaje fin de curso europa 2027 con profesor\" data-image-description=\"&lt;p&gt;grupo de estudiantes junto a un profesor planificando un viaje de fin de curso por europa en 2027 comparando destinos y rutas&lt;\/p&gt;\n\" data-image-caption=\"&lt;p&gt;Planificar un viaje de fin de curso por Europa en 2027 permite comparar destinos y adaptar el viaje al perfil del grupo.&lt;\/p&gt;\n\" data-large-file=\"https:\/\/www.viajesdegruposescolares.com\/noticias\/wp-content\/uploads\/2026\/04\/organizar-viaje-fin-de-curso-europa-2027-estudiantes-profesor.webp-683x1024.webp\" class=\"size-large wp-image-5222\" src=\"https:\/\/www.viajesdegruposescolares.com\/noticias\/wp-content\/uploads\/2026\/04\/organizar-viaje-fin-de-curso-europa-2027-estudiantes-profesor.webp-683x1024.webp\" alt=\"profesor y estudiantes organizando viaje de fin de curso por europa 2027 con mapas y destinos\" width=\"683\" height=\"1024\" srcset=\"https:\/\/www.viajesdegruposescolares.com\/noticias\/wp-content\/uploads\/2026\/04\/organizar-viaje-fin-de-curso-europa-2027-estudiantes-profesor.webp-683x1024.webp 683w, https:\/\/www.viajesdegruposescolares.com\/noticias\/wp-content\/uploads\/2026\/04\/organizar-viaje-fin-de-curso-europa-2027-estudiantes-profesor.webp-200x300.webp 200w, https:\/\/www.viajesdegruposescolares.com\/noticias\/wp-content\/uploads\/2026\/04\/organizar-viaje-fin-de-curso-europa-2027-estudiantes-profesor.webp-768x1152.webp 768w, https:\/\/www.viajesdegruposescolares.com\/noticias\/wp-content\/uploads\/2026\/04\/organizar-viaje-fin-de-curso-europa-2027-estudiantes-profesor.webp-100x150.webp 100w, https:\/\/www.viajesdegruposescolares.com\/noticias\/wp-content\/uploads\/2026\/04\/organizar-viaje-fin-de-curso-europa-2027-estudiantes-profesor.webp.webp 1024w\" sizes=\"(max-width: 683px) 100vw, 683px\" \/><\/a><p id=\"caption-attachment-5222\" class=\"wp-caption-text\">Planificar un viaje de fin de curso por Europa en 2027 permite comparar destinos y adaptar el viaje al perfil del grupo.<\/p><\/div>\n<p>Comparar destinos y planificar el itinerario es clave para organizar un viaje de fin de curso por Europa adaptado al grupo.<\/p>\n<h3>Par\u00eds<\/h3>\n<p>Par\u00eds es uno de los destinos m\u00e1s populares para viajes escolares en Europa por su combinaci\u00f3n de cultura, historia y ocio.<\/p>\n<p>&#x2714; Ideal para ESO y Bachiller<br \/>\n&#x2714; Museos, monumentos y visitas guiadas<br \/>\n&#x2714; Gran variedad de actividades<\/p>\n<p>&#x1f449; Perfecto para una primera experiencia internacional.<\/p>\n<h3>\u00a0Italia (Roma, Florencia, Pisa)<\/h3>\n<p>Italia permite realizar viajes culturales muy completos combinando varias ciudades en un mismo itinerario.<\/p>\n<p>&#x2714; Ideal para ESO y Bachiller<br \/>\n&#x2714; Gran riqueza hist\u00f3rica y cultural<br \/>\n&#x2714; Circuitos optimizados para grupos<\/p>\n<p>&#x1f449; Muy recomendable para viajes educativos.<\/p>\n<h3>\u00c1msterdam<\/h3>\n<p>\u00c1msterdam es una opci\u00f3n diferente y muy atractiva por su ambiente internacional.<\/p>\n<p>&#x2714; Ideal para Bachiller<br \/>\n&#x2714; Museos, cultura urbana y actividades guiadas<br \/>\n&#x2714; Ciudad accesible y segura<\/p>\n<p>&#x1f449; Perfecto para grupos que buscan una experiencia distinta.<\/p>\n<h3>Sur de Francia<\/h3>\n<p>El sur de Francia es una alternativa muy interesante para viajes internacionales con menor coste.<\/p>\n<p>&#x2714; Ideal para Primaria y ESO<br \/>\n&#x2714; Cercan\u00eda y facilidad log\u00edstica<br \/>\n&#x2714; Actividades culturales y de ocio<\/p>\n<p>&#x1f449; Excelente equilibrio entre precio y experiencia internacional.<\/p>\n<h3>Lisboa y Portugal<\/h3>\n<p>Portugal es uno de los destinos m\u00e1s demandados por su cercan\u00eda y buena relaci\u00f3n calidad-precio.<\/p>\n<p>&#x2714; Ideal para Primaria y ESO<br \/>\n&#x2714; Cultura, historia y actividades<br \/>\n&#x2714; F\u00e1cil organizaci\u00f3n<\/p>\n<p>&#x1f449; Muy buena opci\u00f3n para un primer viaje internacional.<\/p>\n<h2>Diferencias entre viajar por Espa\u00f1a o por Europa<\/h2>\n<p>Elegir entre Espa\u00f1a o Europa es una de las decisiones m\u00e1s habituales al organizar un viaje de fin de curso.<\/p>\n<p>Espa\u00f1a suele ser una opci\u00f3n m\u00e1s econ\u00f3mica y sencilla a nivel log\u00edstico, mientras que Europa ofrece una experiencia m\u00e1s internacional y enriquecedora.<\/p>\n<p>&#x1f449; Si quieres ver opciones dentro del territorio nacional, puedes consultar nuestra gu\u00eda sobre los <a href=\"https:\/\/www.viajesdegruposescolares.com\/noticias\/mejores-destinos-para-viajes-de-fin-de-curso-en-espana-2027\/\">mejores destinos para viajes de fin de curso en Espa\u00f1a<\/a>.<\/p>\n<h2>\u00bfQu\u00e9 tipo de grupo deber\u00eda elegir un viaje por Europa?<\/h2>\n<p>Los viajes internacionales no son para todos los grupos, por lo que es importante valorar algunos aspectos:<\/p>\n<p>&#x2714; Edad de los alumnos (ESO y Bachiller son los m\u00e1s adecuados)<br \/>\n&#x2714; Presupuesto disponible<br \/>\n&#x2714; Duraci\u00f3n del viaje<br \/>\n&#x2714; Inter\u00e9s en una experiencia cultural<\/p>\n<p>&#x1f449; Elegir bien el tipo de viaje es clave para el \u00e9xito del grupo.<\/p>\n<p>&#x1f449; Si est\u00e1s valorando destinos y no sabes cu\u00e1l elegir, podemos ayudarte a dise\u00f1ar el viaje ideal seg\u00fan tu grupo.<\/p>\n<p>&#x1f517; Solicita tu <a href=\"https:\/\/www.viajesdegruposescolares.com\/viaje-personalizado\">presupuesto personalizado<\/a> sin compromiso<\/p>\n<h2>Preguntas frecuentes sobre viajes de fin de curso por Europa<\/h2>\n<h3>\u00bfEs m\u00e1s caro viajar por Europa que por Espa\u00f1a?<\/h3>\n<p>No necesariamente. Con una buena planificaci\u00f3n, el precio puede ser similar en muchos casos.<\/p>\n<h3>\u00a0\u00bfQu\u00e9 destinos europeos son m\u00e1s econ\u00f3micos?<\/h3>\n<p>El sur de Francia o Portugal suelen ser opciones m\u00e1s econ\u00f3micas dentro de Europa.<\/p>\n<h3>\u00bfCu\u00e1ndo organizar un viaje de fin de curso por Europa?<\/h3>\n<p>Lo ideal es empezar entre septiembre y diciembre para conseguir mejores precios y disponibilidad.<\/p>\n<h2>\u00bfQuieres organizar un viaje de fin de curso por Europa en 2027?<\/h2>\n<p>Te ayudamos a dise\u00f1ar un viaje adaptado a tu grupo, optimizando el presupuesto y garantizando una experiencia segura y bien organizada.<\/p>\n<p>&#x1f449; Solicita tu presupuesto personalizado sin compromiso<\/p>\n<p>M\u00e1s de 600 centros educativos ya han confiado en nosotros.<\/p>\n","protected":false},"excerpt":{"rendered":"<p>Organizar un viaje de fin de curso por Europa en 2027 es una de las opciones m\u00e1s atractivas para muchos centros educativos. Este tipo de viajes permite a los estudiantes vivir una experiencia internacional, descubrir nuevas culturas y compartir momentos \u00fanicos con sus compa\u00f1eros. En este art\u00edculo te mostramos los\u2026<\/p>\n<p> <a class=\"continue-reading-link\" href=\"https:\/\/www.viajesdegruposescolares.com\/noticias\/viajes-fin-de-curso-europa-2027\/\"><span>Leer m\u00e1s<\/span><i class=\"crycon-right-dir\"><\/i><\/a> <\/p>\n","protected":false},"author":1001002,"featured_media":5221,"comment_status":"open","ping_status":"closed","sticky":false,"template":"","format":"standard","meta":{"_monsterinsights_skip_tracking":false,"_monsterinsights_sitenote_active":false,"_monsterinsights_sitenote_note":"","_monsterinsights_sitenote_category":0,"_jetpack_newsletter_access":"","_jetpack_dont_email_post_to_subs":false,"_jetpack_newsletter_tier_id":0,"_jetpack_memberships_contains_paywalled_content":false,"_jetpack_memberships_contains_paid_content":false,"footnotes":""},"categories":[103],"tags":[147],"class_list":["post-5220","post","type-post","status-publish","format-standard","has-post-thumbnail","hentry","category-destinos-recomendados","tag-fin-de-curso"],"yoast_head":"<!-- This site is optimized with the Yoast SEO plugin v27.4 - https:\/\/yoast.com\/product\/yoast-seo-wordpress\/ -->\n<title>Viajes fin de curso Europa 2027: mejores destinos y consejos<\/title>\n<meta name=\"description\" content=\"Descubre los mejores destinos para viajes fin de curso Europa 2027. Compara precios, opciones y elige el viaje ideal para tu grupo.\" \/>\n<meta name=\"robots\" content=\"index, follow, max-snippet:-1, max-image-preview:large, max-video-preview:-1\" \/>\n<link rel=\"canonical\" href=\"https:\/\/www.viajesdegruposescolares.com\/noticias\/viajes-fin-de-curso-europa-2027\/\" \/>\n<meta property=\"og:locale\" content=\"es_ES\" \/>\n<meta property=\"og:type\" content=\"article\" \/>\n<meta property=\"og:title\" content=\"Viajes fin de curso Europa 2027: mejores destinos y consejos\" \/>\n<meta property=\"og:description\" content=\"Descubre los mejores destinos para viajes fin de curso Europa 2027. Compara precios, opciones y elige el viaje ideal para tu grupo.\" \/>\n<meta property=\"og:url\" content=\"https:\/\/www.viajesdegruposescolares.com\/noticias\/viajes-fin-de-curso-europa-2027\/\" \/>\n<meta property=\"og:site_name\" content=\"Noticias de Viajes Escolares\" \/>\n<meta property=\"article:publisher\" content=\"https:\/\/www.facebook.com\/viajesgruposescolares\" \/>\n<meta property=\"article:published_time\" content=\"2026-04-20T12:05:21+00:00\" \/>\n<meta property=\"article:modified_time\" content=\"2026-04-20T12:50:26+00:00\" \/>\n<meta property=\"og:image\" content=\"https:\/\/www.viajesdegruposescolares.com\/noticias\/wp-content\/uploads\/2026\/04\/viajes-fin-de-curso-europa-2027-estudiantes-paris.webp.webp\" \/>\n\t<meta property=\"og:image:width\" content=\"1024\" \/>\n\t<meta property=\"og:image:height\" content=\"1536\" \/>\n\t<meta property=\"og:image:type\" content=\"image\/webp\" \/>\n<meta name=\"author\" content=\"admin\" \/>\n<meta name=\"twitter:card\" content=\"summary_large_image\" \/>\n<meta name=\"twitter:creator\" content=\"@viajedescolares\" \/>\n<meta name=\"twitter:site\" content=\"@viajedescolares\" \/>\n<meta name=\"twitter:label1\" content=\"Escrito por\" \/>\n\t<meta name=\"twitter:data1\" content=\"admin\" \/>\n\t<meta name=\"twitter:label2\" content=\"Tiempo de lectura\" \/>\n\t<meta name=\"twitter:data2\" content=\"5 minutos\" \/>\n<script type=\"application\/ld+json\" class=\"yoast-schema-graph\">{\"@context\":\"https:\\\/\\\/schema.org\",\"@graph\":[{\"@type\":\"Article\",\"@id\":\"https:\\\/\\\/www.viajesdegruposescolares.com\\\/noticias\\\/viajes-fin-de-curso-europa-2027\\\/#article\",\"isPartOf\":{\"@id\":\"https:\\\/\\\/www.viajesdegruposescolares.com\\\/noticias\\\/viajes-fin-de-curso-europa-2027\\\/\"},\"author\":{\"name\":\"admin\",\"@id\":\"https:\\\/\\\/www.viajesdegruposescolares.com\\\/noticias\\\/#\\\/schema\\\/person\\\/5a68a98628de8f0a9b85d4876bae1882\"},\"headline\":\"Mejores destinos para viajes de fin de curso en Europa 2027\",\"datePublished\":\"2026-04-20T12:05:21+00:00\",\"dateModified\":\"2026-04-20T12:50:26+00:00\",\"mainEntityOfPage\":{\"@id\":\"https:\\\/\\\/www.viajesdegruposescolares.com\\\/noticias\\\/viajes-fin-de-curso-europa-2027\\\/\"},\"wordCount\":988,\"commentCount\":0,\"publisher\":{\"@id\":\"https:\\\/\\\/www.viajesdegruposescolares.com\\\/noticias\\\/#organization\"},\"image\":{\"@id\":\"https:\\\/\\\/www.viajesdegruposescolares.com\\\/noticias\\\/viajes-fin-de-curso-europa-2027\\\/#primaryimage\"},\"thumbnailUrl\":\"https:\\\/\\\/www.viajesdegruposescolares.com\\\/noticias\\\/wp-content\\\/uploads\\\/2026\\\/04\\\/viajes-fin-de-curso-europa-2027-estudiantes-paris.webp.webp\",\"keywords\":[\"Fin de curso\"],\"articleSection\":[\"Destinos recomendados\"],\"inLanguage\":\"es\",\"potentialAction\":[{\"@type\":\"CommentAction\",\"name\":\"Comment\",\"target\":[\"https:\\\/\\\/www.viajesdegruposescolares.com\\\/noticias\\\/viajes-fin-de-curso-europa-2027\\\/#respond\"]}]},{\"@type\":\"WebPage\",\"@id\":\"https:\\\/\\\/www.viajesdegruposescolares.com\\\/noticias\\\/viajes-fin-de-curso-europa-2027\\\/\",\"url\":\"https:\\\/\\\/www.viajesdegruposescolares.com\\\/noticias\\\/viajes-fin-de-curso-europa-2027\\\/\",\"name\":\"Viajes fin de curso Europa 2027: mejores destinos y consejos\",\"isPartOf\":{\"@id\":\"https:\\\/\\\/www.viajesdegruposescolares.com\\\/noticias\\\/#website\"},\"primaryImageOfPage\":{\"@id\":\"https:\\\/\\\/www.viajesdegruposescolares.com\\\/noticias\\\/viajes-fin-de-curso-europa-2027\\\/#primaryimage\"},\"image\":{\"@id\":\"https:\\\/\\\/www.viajesdegruposescolares.com\\\/noticias\\\/viajes-fin-de-curso-europa-2027\\\/#primaryimage\"},\"thumbnailUrl\":\"https:\\\/\\\/www.viajesdegruposescolares.com\\\/noticias\\\/wp-content\\\/uploads\\\/2026\\\/04\\\/viajes-fin-de-curso-europa-2027-estudiantes-paris.webp.webp\",\"datePublished\":\"2026-04-20T12:05:21+00:00\",\"dateModified\":\"2026-04-20T12:50:26+00:00\",\"description\":\"Descubre los mejores destinos para viajes fin de curso Europa 2027. Compara precios, opciones y elige el viaje ideal para tu grupo.\",\"breadcrumb\":{\"@id\":\"https:\\\/\\\/www.viajesdegruposescolares.com\\\/noticias\\\/viajes-fin-de-curso-europa-2027\\\/#breadcrumb\"},\"inLanguage\":\"es\",\"potentialAction\":[{\"@type\":\"ReadAction\",\"target\":[\"https:\\\/\\\/www.viajesdegruposescolares.com\\\/noticias\\\/viajes-fin-de-curso-europa-2027\\\/\"]}]},{\"@type\":\"ImageObject\",\"inLanguage\":\"es\",\"@id\":\"https:\\\/\\\/www.viajesdegruposescolares.com\\\/noticias\\\/viajes-fin-de-curso-europa-2027\\\/#primaryimage\",\"url\":\"https:\\\/\\\/www.viajesdegruposescolares.com\\\/noticias\\\/wp-content\\\/uploads\\\/2026\\\/04\\\/viajes-fin-de-curso-europa-2027-estudiantes-paris.webp.webp\",\"contentUrl\":\"https:\\\/\\\/www.viajesdegruposescolares.com\\\/noticias\\\/wp-content\\\/uploads\\\/2026\\\/04\\\/viajes-fin-de-curso-europa-2027-estudiantes-paris.webp.webp\",\"width\":1024,\"height\":1536,\"caption\":\"Viajar por Europa en un viaje de fin de curso 2027 permite vivir experiencias internacionales \u00fanicas como Par\u00eds.\"},{\"@type\":\"BreadcrumbList\",\"@id\":\"https:\\\/\\\/www.viajesdegruposescolares.com\\\/noticias\\\/viajes-fin-de-curso-europa-2027\\\/#breadcrumb\",\"itemListElement\":[{\"@type\":\"ListItem\",\"position\":1,\"name\":\"Portada\",\"item\":\"https:\\\/\\\/www.viajesdegruposescolares.com\\\/noticias\\\/\"},{\"@type\":\"ListItem\",\"position\":2,\"name\":\"Mejores destinos para viajes de fin de curso en Europa 2027\"}]},{\"@type\":\"WebSite\",\"@id\":\"https:\\\/\\\/www.viajesdegruposescolares.com\\\/noticias\\\/#website\",\"url\":\"https:\\\/\\\/www.viajesdegruposescolares.com\\\/noticias\\\/\",\"name\":\"Noticias de Viajes Escolares\",\"description\":\"Consejos y recomendaciones para tu viaje de estudios y viajes fin de curso\",\"publisher\":{\"@id\":\"https:\\\/\\\/www.viajesdegruposescolares.com\\\/noticias\\\/#organization\"},\"potentialAction\":[{\"@type\":\"SearchAction\",\"target\":{\"@type\":\"EntryPoint\",\"urlTemplate\":\"https:\\\/\\\/www.viajesdegruposescolares.com\\\/noticias\\\/?s={search_term_string}\"},\"query-input\":{\"@type\":\"PropertyValueSpecification\",\"valueRequired\":true,\"valueName\":\"search_term_string\"}}],\"inLanguage\":\"es\"},{\"@type\":\"Organization\",\"@id\":\"https:\\\/\\\/www.viajesdegruposescolares.com\\\/noticias\\\/#organization\",\"name\":\"Viajes de Grupos Escolares\",\"url\":\"https:\\\/\\\/www.viajesdegruposescolares.com\\\/noticias\\\/\",\"logo\":{\"@type\":\"ImageObject\",\"inLanguage\":\"es\",\"@id\":\"https:\\\/\\\/www.viajesdegruposescolares.com\\\/noticias\\\/#\\\/schema\\\/logo\\\/image\\\/\",\"url\":\"https:\\\/\\\/www.viajesdegruposescolares.com\\\/noticias\\\/wp-content\\\/uploads\\\/2020\\\/01\\\/logo-vge-blog.jpg\",\"contentUrl\":\"https:\\\/\\\/www.viajesdegruposescolares.com\\\/noticias\\\/wp-content\\\/uploads\\\/2020\\\/01\\\/logo-vge-blog.jpg\",\"width\":300,\"height\":300,\"caption\":\"Viajes de Grupos Escolares\"},\"image\":{\"@id\":\"https:\\\/\\\/www.viajesdegruposescolares.com\\\/noticias\\\/#\\\/schema\\\/logo\\\/image\\\/\"},\"sameAs\":[\"https:\\\/\\\/www.facebook.com\\\/viajesgruposescolares\",\"https:\\\/\\\/x.com\\\/viajedescolares\",\"https:\\\/\\\/www.youtube.com\\\/channel\\\/UCOPB0UBPDzM5prh-F7xtdag?reload=9\"]},{\"@type\":\"Person\",\"@id\":\"https:\\\/\\\/www.viajesdegruposescolares.com\\\/noticias\\\/#\\\/schema\\\/person\\\/5a68a98628de8f0a9b85d4876bae1882\",\"name\":\"admin\",\"image\":{\"@type\":\"ImageObject\",\"inLanguage\":\"es\",\"@id\":\"https:\\\/\\\/secure.gravatar.com\\\/avatar\\\/0a4dc3439456ecc05f77a99347ced4bb184cc1c60940d286fca163761a99ee03?s=96&d=mm&r=g\",\"url\":\"https:\\\/\\\/secure.gravatar.com\\\/avatar\\\/0a4dc3439456ecc05f77a99347ced4bb184cc1c60940d286fca163761a99ee03?s=96&d=mm&r=g\",\"contentUrl\":\"https:\\\/\\\/secure.gravatar.com\\\/avatar\\\/0a4dc3439456ecc05f77a99347ced4bb184cc1c60940d286fca163761a99ee03?s=96&d=mm&r=g\",\"caption\":\"admin\"},\"sameAs\":[\"http:\\\/\\\/www.viajesdegruposescolares.com\"],\"url\":\"https:\\\/\\\/www.viajesdegruposescolares.com\\\/noticias\\\/author\\\/admin\\\/\"}]}<\/script>\n<!-- \/ Yoast SEO plugin. -->","yoast_head_json":{"title":"Viajes fin de curso Europa 2027: mejores destinos y consejos","description":"Descubre los mejores destinos para viajes fin de curso Europa 2027. Compara precios, opciones y elige el viaje ideal para tu grupo.","robots":{"index":"index","follow":"follow","max-snippet":"max-snippet:-1","max-image-preview":"max-image-preview:large","max-video-preview":"max-video-preview:-1"},"canonical":"https:\/\/www.viajesdegruposescolares.com\/noticias\/viajes-fin-de-curso-europa-2027\/","og_locale":"es_ES","og_type":"article","og_title":"Viajes fin de curso Europa 2027: mejores destinos y consejos","og_description":"Descubre los mejores destinos para viajes fin de curso Europa 2027. Compara precios, opciones y elige el viaje ideal para tu grupo.","og_url":"https:\/\/www.viajesdegruposescolares.com\/noticias\/viajes-fin-de-curso-europa-2027\/","og_site_name":"Noticias de Viajes Escolares","article_publisher":"https:\/\/www.facebook.com\/viajesgruposescolares","article_published_time":"2026-04-20T12:05:21+00:00","article_modified_time":"2026-04-20T12:50:26+00:00","og_image":[{"width":1024,"height":1536,"url":"https:\/\/www.viajesdegruposescolares.com\/noticias\/wp-content\/uploads\/2026\/04\/viajes-fin-de-curso-europa-2027-estudiantes-paris.webp.webp","type":"image\/webp"}],"author":"admin","twitter_card":"summary_large_image","twitter_creator":"@viajedescolares","twitter_site":"@viajedescolares","twitter_misc":{"Escrito por":"admin","Tiempo de lectura":"5 minutos"},"schema":{"@context":"https:\/\/schema.org","@graph":[{"@type":"Article","@id":"https:\/\/www.viajesdegruposescolares.com\/noticias\/viajes-fin-de-curso-europa-2027\/#article","isPartOf":{"@id":"https:\/\/www.viajesdegruposescolares.com\/noticias\/viajes-fin-de-curso-europa-2027\/"},"author":{"name":"admin","@id":"https:\/\/www.viajesdegruposescolares.com\/noticias\/#\/schema\/person\/5a68a98628de8f0a9b85d4876bae1882"},"headline":"Mejores destinos para viajes de fin de curso en Europa 2027","datePublished":"2026-04-20T12:05:21+00:00","dateModified":"2026-04-20T12:50:26+00:00","mainEntityOfPage":{"@id":"https:\/\/www.viajesdegruposescolares.com\/noticias\/viajes-fin-de-curso-europa-2027\/"},"wordCount":988,"commentCount":0,"publisher":{"@id":"https:\/\/www.viajesdegruposescolares.com\/noticias\/#organization"},"image":{"@id":"https:\/\/www.viajesdegruposescolares.com\/noticias\/viajes-fin-de-curso-europa-2027\/#primaryimage"},"thumbnailUrl":"https:\/\/www.viajesdegruposescolares.com\/noticias\/wp-content\/uploads\/2026\/04\/viajes-fin-de-curso-europa-2027-estudiantes-paris.webp.webp","keywords":["Fin de curso"],"articleSection":["Destinos recomendados"],"inLanguage":"es","potentialAction":[{"@type":"CommentAction","name":"Comment","target":["https:\/\/www.viajesdegruposescolares.com\/noticias\/viajes-fin-de-curso-europa-2027\/#respond"]}]},{"@type":"WebPage","@id":"https:\/\/www.viajesdegruposescolares.com\/noticias\/viajes-fin-de-curso-europa-2027\/","url":"https:\/\/www.viajesdegruposescolares.com\/noticias\/viajes-fin-de-curso-europa-2027\/","name":"Viajes fin de curso Europa 2027: mejores destinos y consejos","isPartOf":{"@id":"https:\/\/www.viajesdegruposescolares.com\/noticias\/#website"},"primaryImageOfPage":{"@id":"https:\/\/www.viajesdegruposescolares.com\/noticias\/viajes-fin-de-curso-europa-2027\/#primaryimage"},"image":{"@id":"https:\/\/www.viajesdegruposescolares.com\/noticias\/viajes-fin-de-curso-europa-2027\/#primaryimage"},"thumbnailUrl":"https:\/\/www.viajesdegruposescolares.com\/noticias\/wp-content\/uploads\/2026\/04\/viajes-fin-de-curso-europa-2027-estudiantes-paris.webp.webp","datePublished":"2026-04-20T12:05:21+00:00","dateModified":"2026-04-20T12:50:26+00:00","description":"Descubre los mejores destinos para viajes fin de curso Europa 2027. Compara precios, opciones y elige el viaje ideal para tu grupo.","breadcrumb":{"@id":"https:\/\/www.viajesdegruposescolares.com\/noticias\/viajes-fin-de-curso-europa-2027\/#breadcrumb"},"inLanguage":"es","potentialAction":[{"@type":"ReadAction","target":["https:\/\/www.viajesdegruposescolares.com\/noticias\/viajes-fin-de-curso-europa-2027\/"]}]},{"@type":"ImageObject","inLanguage":"es","@id":"https:\/\/www.viajesdegruposescolares.com\/noticias\/viajes-fin-de-curso-europa-2027\/#primaryimage","url":"https:\/\/www.viajesdegruposescolares.com\/noticias\/wp-content\/uploads\/2026\/04\/viajes-fin-de-curso-europa-2027-estudiantes-paris.webp.webp","contentUrl":"https:\/\/www.viajesdegruposescolares.com\/noticias\/wp-content\/uploads\/2026\/04\/viajes-fin-de-curso-europa-2027-estudiantes-paris.webp.webp","width":1024,"height":1536,"caption":"Viajar por Europa en un viaje de fin de curso 2027 permite vivir experiencias internacionales \u00fanicas como Par\u00eds."},{"@type":"BreadcrumbList","@id":"https:\/\/www.viajesdegruposescolares.com\/noticias\/viajes-fin-de-curso-europa-2027\/#breadcrumb","itemListElement":[{"@type":"ListItem","position":1,"name":"Portada","item":"https:\/\/www.viajesdegruposescolares.com\/noticias\/"},{"@type":"ListItem","position":2,"name":"Mejores destinos para viajes de fin de curso en Europa 2027"}]},{"@type":"WebSite","@id":"https:\/\/www.viajesdegruposescolares.com\/noticias\/#website","url":"https:\/\/www.viajesdegruposescolares.com\/noticias\/","name":"Noticias de Viajes Escolares","description":"Consejos y recomendaciones para tu viaje de estudios y viajes fin de curso","publisher":{"@id":"https:\/\/www.viajesdegruposescolares.com\/noticias\/#organization"},"potentialAction":[{"@type":"SearchAction","target":{"@type":"EntryPoint","urlTemplate":"https:\/\/www.viajesdegruposescolares.com\/noticias\/?s={search_term_string}"},"query-input":{"@type":"PropertyValueSpecification","valueRequired":true,"valueName":"search_term_string"}}],"inLanguage":"es"},{"@type":"Organization","@id":"https:\/\/www.viajesdegruposescolares.com\/noticias\/#organization","name":"Viajes de Grupos Escolares","url":"https:\/\/www.viajesdegruposescolares.com\/noticias\/","logo":{"@type":"ImageObject","inLanguage":"es","@id":"https:\/\/www.viajesdegruposescolares.com\/noticias\/#\/schema\/logo\/image\/","url":"https:\/\/www.viajesdegruposescolares.com\/noticias\/wp-content\/uploads\/2020\/01\/logo-vge-blog.jpg","contentUrl":"https:\/\/www.viajesdegruposescolares.com\/noticias\/wp-content\/uploads\/2020\/01\/logo-vge-blog.jpg","width":300,"height":300,"caption":"Viajes de Grupos Escolares"},"image":{"@id":"https:\/\/www.viajesdegruposescolares.com\/noticias\/#\/schema\/logo\/image\/"},"sameAs":["https:\/\/www.facebook.com\/viajesgruposescolares","https:\/\/x.com\/viajedescolares","https:\/\/www.youtube.com\/channel\/UCOPB0UBPDzM5prh-F7xtdag?reload=9"]},{"@type":"Person","@id":"https:\/\/www.viajesdegruposescolares.com\/noticias\/#\/schema\/person\/5a68a98628de8f0a9b85d4876bae1882","name":"admin","image":{"@type":"ImageObject","inLanguage":"es","@id":"https:\/\/secure.gravatar.com\/avatar\/0a4dc3439456ecc05f77a99347ced4bb184cc1c60940d286fca163761a99ee03?s=96&d=mm&r=g","url":"https:\/\/secure.gravatar.com\/avatar\/0a4dc3439456ecc05f77a99347ced4bb184cc1c60940d286fca163761a99ee03?s=96&d=mm&r=g","contentUrl":"https:\/\/secure.gravatar.com\/avatar\/0a4dc3439456ecc05f77a99347ced4bb184cc1c60940d286fca163761a99ee03?s=96&d=mm&r=g","caption":"admin"},"sameAs":["http:\/\/www.viajesdegruposescolares.com"],"url":"https:\/\/www.viajesdegruposescolares.com\/noticias\/author\/admin\/"}]}},"jetpack_featured_media_url":"https:\/\/www.viajesdegruposescolares.com\/noticias\/wp-content\/uploads\/2026\/04\/viajes-fin-de-curso-europa-2027-estudiantes-paris.webp.webp","jetpack-related-posts":[{"id":5205,"url":"https:\/\/www.viajesdegruposescolares.com\/noticias\/viajes-fin-de-curso-2027\/","url_meta":{"origin":5220,"position":0},"title":"Viajes de fin de curso 2027: destinos, precios y c\u00f3mo organizarlo","author":"admin","date":"20 abril, 2026","format":false,"excerpt":"Organizar un viaje de fin de curso para 2027 es una de las decisiones m\u00e1s importantes para cualquier profesor o centro educativo. Planificar con tiempo permite acceder a mejores precios, m\u00e1s disponibilidad y una mayor variedad de destinos. En esta gu\u00eda te explicamos todo lo que necesitas saber para organizar\u2026","rel":"","context":"En \u00abConsejos para padres y tutores\u00bb","block_context":{"text":"Consejos para padres y tutores","link":"https:\/\/www.viajesdegruposescolares.com\/noticias\/category\/consejos-para-padres-y-tutores\/"},"img":{"alt_text":"estudiantes con profesor organizando un viaje de fin de curso 2027 en aeropuerto","src":"https:\/\/i0.wp.com\/www.viajesdegruposescolares.com\/noticias\/wp-content\/uploads\/2026\/04\/viaje-fin-de-curso-2027-grupo-estudiantes-profesor-1.webp-1.webp?resize=350%2C200&ssl=1","width":350,"height":200,"srcset":"https:\/\/i0.wp.com\/www.viajesdegruposescolares.com\/noticias\/wp-content\/uploads\/2026\/04\/viaje-fin-de-curso-2027-grupo-estudiantes-profesor-1.webp-1.webp?resize=350%2C200&ssl=1 1x, https:\/\/i0.wp.com\/www.viajesdegruposescolares.com\/noticias\/wp-content\/uploads\/2026\/04\/viaje-fin-de-curso-2027-grupo-estudiantes-profesor-1.webp-1.webp?resize=525%2C300&ssl=1 1.5x, https:\/\/i0.wp.com\/www.viajesdegruposescolares.com\/noticias\/wp-content\/uploads\/2026\/04\/viaje-fin-de-curso-2027-grupo-estudiantes-profesor-1.webp-1.webp?resize=700%2C400&ssl=1 2x, https:\/\/i0.wp.com\/www.viajesdegruposescolares.com\/noticias\/wp-content\/uploads\/2026\/04\/viaje-fin-de-curso-2027-grupo-estudiantes-profesor-1.webp-1.webp?resize=1050%2C600&ssl=1 3x, https:\/\/i0.wp.com\/www.viajesdegruposescolares.com\/noticias\/wp-content\/uploads\/2026\/04\/viaje-fin-de-curso-2027-grupo-estudiantes-profesor-1.webp-1.webp?resize=1400%2C800&ssl=1 4x"},"classes":[]},{"id":5141,"url":"https:\/\/www.viajesdegruposescolares.com\/noticias\/viajes-fin-de-curso-baratos-europa-2027\/","url_meta":{"origin":5220,"position":1},"title":"Viajes de fin de curso baratos por Europa","author":"admin","date":"16 abril, 2026","format":false,"excerpt":"Organizar un viaje de fin de curso barato por Europa es totalmente posible si se planifica bien. Aunque viajar al extranjero puede parecer m\u00e1s caro, existen muchas opciones que permiten ajustar el presupuesto sin renunciar a una gran experiencia. En este art\u00edculo te mostramos los mejores destinos para viajes de\u2026","rel":"","context":"En \u00abConsejos para viajes de fin de curso\u00bb","block_context":{"text":"Consejos para viajes de fin de curso","link":"https:\/\/www.viajesdegruposescolares.com\/noticias\/category\/consejos-para-viajes-de-fin-de-curso\/"},"img":{"alt_text":"viajes fin de curso baratos Par\u00eds estudiantes","src":"https:\/\/i0.wp.com\/www.viajesdegruposescolares.com\/noticias\/wp-content\/uploads\/2026\/04\/viajes-fin-de-curso-baratos-paris-estudiantes.webp.webp?resize=350%2C200&ssl=1","width":350,"height":200,"srcset":"https:\/\/i0.wp.com\/www.viajesdegruposescolares.com\/noticias\/wp-content\/uploads\/2026\/04\/viajes-fin-de-curso-baratos-paris-estudiantes.webp.webp?resize=350%2C200&ssl=1 1x, https:\/\/i0.wp.com\/www.viajesdegruposescolares.com\/noticias\/wp-content\/uploads\/2026\/04\/viajes-fin-de-curso-baratos-paris-estudiantes.webp.webp?resize=525%2C300&ssl=1 1.5x, https:\/\/i0.wp.com\/www.viajesdegruposescolares.com\/noticias\/wp-content\/uploads\/2026\/04\/viajes-fin-de-curso-baratos-paris-estudiantes.webp.webp?resize=700%2C400&ssl=1 2x, https:\/\/i0.wp.com\/www.viajesdegruposescolares.com\/noticias\/wp-content\/uploads\/2026\/04\/viajes-fin-de-curso-baratos-paris-estudiantes.webp.webp?resize=1050%2C600&ssl=1 3x, https:\/\/i0.wp.com\/www.viajesdegruposescolares.com\/noticias\/wp-content\/uploads\/2026\/04\/viajes-fin-de-curso-baratos-paris-estudiantes.webp.webp?resize=1400%2C800&ssl=1 4x"},"classes":[]},{"id":5115,"url":"https:\/\/www.viajesdegruposescolares.com\/noticias\/mejores-destinos-para-viajes-de-fin-de-curso-en-espana-2027\/","url_meta":{"origin":5220,"position":2},"title":"Mejores destinos para viajes de fin de curso en Espa\u00f1a (2027)","author":"admin","date":"15 abril, 2026","format":false,"excerpt":"Organizar un viaje de fin de curso en Espa\u00f1a es una de las opciones m\u00e1s demandadas por colegios e institutos. La combinaci\u00f3n de seguridad, cercan\u00eda y variedad de destinos permite dise\u00f1ar experiencias adaptadas a cada grupo y presupuesto. Si est\u00e1s planificando el viaje, tambi\u00e9n puedes consultar esta gu\u00eda completa sobre\u2026","rel":"","context":"En \u00abConsejos para viajes de fin de curso\u00bb","block_context":{"text":"Consejos para viajes de fin de curso","link":"https:\/\/www.viajesdegruposescolares.com\/noticias\/category\/consejos-para-viajes-de-fin-de-curso\/"},"img":{"alt_text":"destinos viajes fin de curso Espa\u00f1a estudiantes tipos de viaje","src":"https:\/\/i0.wp.com\/www.viajesdegruposescolares.com\/noticias\/wp-content\/uploads\/2026\/04\/destinos-viajes-fin-de-curso-espana-estudiantes-tipos.webp.webp?resize=350%2C200&ssl=1","width":350,"height":200,"srcset":"https:\/\/i0.wp.com\/www.viajesdegruposescolares.com\/noticias\/wp-content\/uploads\/2026\/04\/destinos-viajes-fin-de-curso-espana-estudiantes-tipos.webp.webp?resize=350%2C200&ssl=1 1x, https:\/\/i0.wp.com\/www.viajesdegruposescolares.com\/noticias\/wp-content\/uploads\/2026\/04\/destinos-viajes-fin-de-curso-espana-estudiantes-tipos.webp.webp?resize=525%2C300&ssl=1 1.5x, https:\/\/i0.wp.com\/www.viajesdegruposescolares.com\/noticias\/wp-content\/uploads\/2026\/04\/destinos-viajes-fin-de-curso-espana-estudiantes-tipos.webp.webp?resize=700%2C400&ssl=1 2x, https:\/\/i0.wp.com\/www.viajesdegruposescolares.com\/noticias\/wp-content\/uploads\/2026\/04\/destinos-viajes-fin-de-curso-espana-estudiantes-tipos.webp.webp?resize=1050%2C600&ssl=1 3x, https:\/\/i0.wp.com\/www.viajesdegruposescolares.com\/noticias\/wp-content\/uploads\/2026\/04\/destinos-viajes-fin-de-curso-espana-estudiantes-tipos.webp.webp?resize=1400%2C800&ssl=1 4x"},"classes":[]},{"id":5071,"url":"https:\/\/www.viajesdegruposescolares.com\/noticias\/cuanto-cuesta-viaje-fin-de-curso\/","url_meta":{"origin":5220,"position":3},"title":"Cu\u00e1nto cuesta un viaje fin de curso | Precios por alumno y factores clave","author":"admin","date":"6 abril, 2026","format":false,"excerpt":"Una de las primeras preguntas que se hace cualquier profesor al organizar un viaje fin de curso es: \u00bfcu\u00e1nto cuesta realmente? El precio de un viaje escolar puede variar bastante en funci\u00f3n del destino, la duraci\u00f3n, el tipo de transporte y los servicios incluidos. En este art\u00edculo te explicamos de\u2026","rel":"","context":"En \u00abConsejos para padres y tutores\u00bb","block_context":{"text":"Consejos para padres y tutores","link":"https:\/\/www.viajesdegruposescolares.com\/noticias\/category\/consejos-para-padres-y-tutores\/"},"img":{"alt_text":"","src":"https:\/\/i0.wp.com\/www.viajesdegruposescolares.com\/noticias\/wp-content\/uploads\/2026\/04\/Viaje-de-fin-de-curso-en-debate.png?resize=350%2C200&ssl=1","width":350,"height":200,"srcset":"https:\/\/i0.wp.com\/www.viajesdegruposescolares.com\/noticias\/wp-content\/uploads\/2026\/04\/Viaje-de-fin-de-curso-en-debate.png?resize=350%2C200&ssl=1 1x, https:\/\/i0.wp.com\/www.viajesdegruposescolares.com\/noticias\/wp-content\/uploads\/2026\/04\/Viaje-de-fin-de-curso-en-debate.png?resize=525%2C300&ssl=1 1.5x, https:\/\/i0.wp.com\/www.viajesdegruposescolares.com\/noticias\/wp-content\/uploads\/2026\/04\/Viaje-de-fin-de-curso-en-debate.png?resize=700%2C400&ssl=1 2x, https:\/\/i0.wp.com\/www.viajesdegruposescolares.com\/noticias\/wp-content\/uploads\/2026\/04\/Viaje-de-fin-de-curso-en-debate.png?resize=1050%2C600&ssl=1 3x, https:\/\/i0.wp.com\/www.viajesdegruposescolares.com\/noticias\/wp-content\/uploads\/2026\/04\/Viaje-de-fin-de-curso-en-debate.png?resize=1400%2C800&ssl=1 4x"},"classes":[]},{"id":5088,"url":"https:\/\/www.viajesdegruposescolares.com\/noticias\/viajes-de-fin-de-curso-baratos\/","url_meta":{"origin":5220,"position":4},"title":"Viajes de fin de curso baratos: c\u00f3mo ahorrar sin perder calidad","author":"admin","date":"8 abril, 2026","format":false,"excerpt":"Organizar un viaje de fin de curso puede generar muchas dudas, pero hay una que siempre se repite:\ud83d\udc49 \u00bfc\u00f3mo hacer un viaje econ\u00f3mico sin renunciar a una buena experiencia? La realidad es que s\u00ed es posible organizar viajes de fin de curso baratos, siempre que se tomen las decisiones adecuadas\u2026","rel":"","context":"En \u00abConsejos para padres y tutores\u00bb","block_context":{"text":"Consejos para padres y tutores","link":"https:\/\/www.viajesdegruposescolares.com\/noticias\/category\/consejos-para-padres-y-tutores\/"},"img":{"alt_text":"","src":"https:\/\/i0.wp.com\/www.viajesdegruposescolares.com\/noticias\/wp-content\/uploads\/2026\/04\/Esperando-el-autobus-en-Europa.png?resize=350%2C200&ssl=1","width":350,"height":200,"srcset":"https:\/\/i0.wp.com\/www.viajesdegruposescolares.com\/noticias\/wp-content\/uploads\/2026\/04\/Esperando-el-autobus-en-Europa.png?resize=350%2C200&ssl=1 1x, https:\/\/i0.wp.com\/www.viajesdegruposescolares.com\/noticias\/wp-content\/uploads\/2026\/04\/Esperando-el-autobus-en-Europa.png?resize=525%2C300&ssl=1 1.5x, https:\/\/i0.wp.com\/www.viajesdegruposescolares.com\/noticias\/wp-content\/uploads\/2026\/04\/Esperando-el-autobus-en-Europa.png?resize=700%2C400&ssl=1 2x, https:\/\/i0.wp.com\/www.viajesdegruposescolares.com\/noticias\/wp-content\/uploads\/2026\/04\/Esperando-el-autobus-en-Europa.png?resize=1050%2C600&ssl=1 3x, https:\/\/i0.wp.com\/www.viajesdegruposescolares.com\/noticias\/wp-content\/uploads\/2026\/04\/Esperando-el-autobus-en-Europa.png?resize=1400%2C800&ssl=1 4x"},"classes":[]},{"id":5133,"url":"https:\/\/www.viajesdegruposescolares.com\/noticias\/viajes-fin-de-curso-baratos\/","url_meta":{"origin":5220,"position":5},"title":"Viajes de fin de curso baratos: c\u00f3mo ahorrar sin perder calidad","author":"admin","date":"15 abril, 2026","format":false,"excerpt":"Organizar un viaje de fin de curso econ\u00f3mico no significa renunciar a una experiencia educativa, divertida y bien organizada. De hecho, cada vez m\u00e1s centros educativos buscan opciones que permitan ajustar el presupuesto sin perder calidad en el servicio. En este art\u00edculo te explicamos c\u00f3mo organizar viajes de fin de\u2026","rel":"","context":"En \u00abConsejos para viajes de fin de curso\u00bb","block_context":{"text":"Consejos para viajes de fin de curso","link":"https:\/\/www.viajesdegruposescolares.com\/noticias\/category\/consejos-para-viajes-de-fin-de-curso\/"},"img":{"alt_text":"estudiantes viaje fin de curso barato autobus grupo escolar","src":"https:\/\/i0.wp.com\/www.viajesdegruposescolares.com\/noticias\/wp-content\/uploads\/2026\/04\/viaje-fin-de-curso-barato-autobus-estudiantes.webp.webp?resize=350%2C200&ssl=1","width":350,"height":200,"srcset":"https:\/\/i0.wp.com\/www.viajesdegruposescolares.com\/noticias\/wp-content\/uploads\/2026\/04\/viaje-fin-de-curso-barato-autobus-estudiantes.webp.webp?resize=350%2C200&ssl=1 1x, https:\/\/i0.wp.com\/www.viajesdegruposescolares.com\/noticias\/wp-content\/uploads\/2026\/04\/viaje-fin-de-curso-barato-autobus-estudiantes.webp.webp?resize=525%2C300&ssl=1 1.5x, https:\/\/i0.wp.com\/www.viajesdegruposescolares.com\/noticias\/wp-content\/uploads\/2026\/04\/viaje-fin-de-curso-barato-autobus-estudiantes.webp.webp?resize=700%2C400&ssl=1 2x, https:\/\/i0.wp.com\/www.viajesdegruposescolares.com\/noticias\/wp-content\/uploads\/2026\/04\/viaje-fin-de-curso-barato-autobus-estudiantes.webp.webp?resize=1050%2C600&ssl=1 3x, https:\/\/i0.wp.com\/www.viajesdegruposescolares.com\/noticias\/wp-content\/uploads\/2026\/04\/viaje-fin-de-curso-barato-autobus-estudiantes.webp.webp?resize=1400%2C800&ssl=1 4x"},"classes":[]}],"jetpack_sharing_enabled":true,"_links":{"self":[{"href":"https:\/\/www.viajesdegruposescolares.com\/noticias\/wp-json\/wp\/v2\/posts\/5220","targetHints":{"allow":["GET"]}}],"collection":[{"href":"https:\/\/www.viajesdegruposescolares.com\/noticias\/wp-json\/wp\/v2\/posts"}],"about":[{"href":"https:\/\/www.viajesdegruposescolares.com\/noticias\/wp-json\/wp\/v2\/types\/post"}],"author":[{"embeddable":true,"href":"https:\/\/www.viajesdegruposescolares.com\/noticias\/wp-json\/wp\/v2\/users\/1001002"}],"replies":[{"embeddable":true,"href":"https:\/\/www.viajesdegruposescolares.com\/noticias\/wp-json\/wp\/v2\/comments?post=5220"}],"version-history":[{"count":2,"href":"https:\/\/www.viajesdegruposescolares.com\/noticias\/wp-json\/wp\/v2\/posts\/5220\/revisions"}],"predecessor-version":[{"id":5225,"href":"https:\/\/www.viajesdegruposescolares.com\/noticias\/wp-json\/wp\/v2\/posts\/5220\/revisions\/5225"}],"wp:featuredmedia":[{"embeddable":true,"href":"https:\/\/www.viajesdegruposescolares.com\/noticias\/wp-json\/wp\/v2\/media\/5221"}],"wp:attachment":[{"href":"https:\/\/www.viajesdegruposescolares.com\/noticias\/wp-json\/wp\/v2\/media?parent=5220"}],"wp:term":[{"taxonomy":"category","embeddable":true,"href":"https:\/\/www.viajesdegruposescolares.com\/noticias\/wp-json\/wp\/v2\/categories?post=5220"},{"taxonomy":"post_tag","embeddable":true,"href":"https:\/\/www.viajesdegruposescolares.com\/noticias\/wp-json\/wp\/v2\/tags?post=5220"}],"curies":[{"name":"wp","href":"https:\/\/api.w.org\/{rel}","templated":true}]}}